{"id":793,"date":"2022-08-26T11:56:35","date_gmt":"2022-08-26T09:56:35","guid":{"rendered":"https:\/\/tamara-zeidler.de\/?p=793"},"modified":"2022-08-26T11:56:37","modified_gmt":"2022-08-26T09:56:37","slug":"aufstellung-inneres-team-als-loesungshilfe","status":"publish","type":"post","link":"https:\/\/tamara-zeidler.de\/?p=793","title":{"rendered":"Aufstellung Inneres Team als L\u00f6sungshilfe"},"content":{"rendered":"\n<p>Neulich habe ich im Coaching mit meinem Coachee eine bestimmte Fragestellung nach dem Modell des inneren Teams von Schulz von Thun aufgestellt. Das war extrem erhellend f\u00fcr meinen Coachee, der eigenst\u00e4ndig Klarheit dar\u00fcber erhielt, was ihn genau ausbremst, wo aber auch seine Ressourcen liegen. Wir haben danach das Prinzip des inneren Teams bearbeitet, dass widerspr\u00fcchliche innere Anteile vor allem Akzeptanz erfahren m\u00fcssen, was nicht gleichbedeutend mit bestimmen ist. Dann <a><\/a>l\u00f6ste sich auf einmal richtig viel bei meinem Coachee und er wusste, wie er mit der Fragestellung umgehen will.<\/p>\n\n\n\n<p>Visualisierungen k\u00f6nnen so kraftvoll sein, neue Perspektiven aufzeigen und Wege weisen.<\/p>\n\n\n\n<p>Was sind eure besten Visualisierungsideen und Erkl\u00e4rmodelle?<\/p>\n\n\n\n<p><\/p>\n","protected":false},"excerpt":{"rendered":"<p>Neulich habe ich im Coaching mit meinem Coachee eine bestimmte Fragestellung nach dem Modell des inneren Teams von Schulz von Thun aufgestellt. Das war extrem erhellend f\u00fcr meinen Coachee, der eigenst\u00e4ndig Klarheit dar\u00fcber erhielt, was ihn genau ausbremst, wo aber auch seine Ressourcen liegen. Wir haben danach das Prinzip des [&hellip;]<\/p>\n","protected":false},"author":4,"featured_media":792,"comment_status":"open","ping_status":"open","sticky":false,"template":"","format":"standard","meta":{"footnotes":""},"categories":[5],"tags":[],"class_list":["post-793","post","type-post","status-publish","format-standard","has-post-thumbnail","hentry","category-aktuelles"],"_links":{"self":[{"href":"https:\/\/tamara-zeidler.de\/index.php?rest_route=\/wp\/v2\/posts\/793","targetHints":{"allow":["GET"]}}],"collection":[{"href":"https:\/\/tamara-zeidler.de\/index.php?rest_route=\/wp\/v2\/posts"}],"about":[{"href":"https:\/\/tamara-zeidler.de\/index.php?rest_route=\/wp\/v2\/types\/post"}],"author":[{"embeddable":true,"href":"https:\/\/tamara-zeidler.de\/index.php?rest_route=\/wp\/v2\/users\/4"}],"replies":[{"embeddable":true,"href":"https:\/\/tamara-zeidler.de\/index.php?rest_route=%2Fwp%2Fv2%2Fcomments&post=793"}],"version-history":[{"count":1,"href":"https:\/\/tamara-zeidler.de\/index.php?rest_route=\/wp\/v2\/posts\/793\/revisions"}],"predecessor-version":[{"id":794,"href":"https:\/\/tamara-zeidler.de\/index.php?rest_route=\/wp\/v2\/posts\/793\/revisions\/794"}],"wp:featuredmedia":[{"embeddable":true,"href":"https:\/\/tamara-zeidler.de\/index.php?rest_route=\/wp\/v2\/media\/792"}],"wp:attachment":[{"href":"https:\/\/tamara-zeidler.de\/index.php?rest_route=%2Fwp%2Fv2%2Fmedia&parent=793"}],"wp:term":[{"taxonomy":"category","embeddable":true,"href":"https:\/\/tamara-zeidler.de\/index.php?rest_route=%2Fwp%2Fv2%2Fcategories&post=793"},{"taxonomy":"post_tag","embeddable":true,"href":"https:\/\/tamara-zeidler.de\/index.php?rest_route=%2Fwp%2Fv2%2Ftags&post=793"}],"curies":[{"name":"wp","href":"https:\/\/api.w.org\/{rel}","templated":true}]}}